{"id":410,"date":"2017-07-31T09:32:18","date_gmt":"2017-07-31T09:32:18","guid":{"rendered":"http:\/\/juntosporelcoche.com\/?p=410"},"modified":"2025-08-21T11:06:07","modified_gmt":"2025-08-21T11:06:07","slug":"volkswagen-arteon","status":"publish","type":"post","link":"https:\/\/juntosporelcoche.com\/index.php\/2017\/07\/31\/volkswagen-arteon\/","title":{"rendered":"Volkswagen Arteon."},"content":{"rendered":"<p style=\"text-align: justify;\">En los \u00faltimos d\u00edas del mes de Julio he tenido la oportunidad de probar en nuevo Volkswagen Arteon y ya os puedo aventurar que es mucho m\u00e1s que un Passat cc o un Volkswagen cc que es c\u00f3mo se termin\u00f3 denominando en los \u00faltimos tiempos. Podr\u00edamos decir que la marca quiere marcar notables distancia de este modelo respecto del Passat (modelo al que le saca 10 cent\u00edmetros) y en parte inentar cubrir la parte alta de su gama de veh\u00edculos que se encontraba algo hu\u00e9rfana desde que se dej\u00f3 de comercializar el malogrado Phaeton.<\/p>\n<p><img loading=\"lazy\" decoding=\"async\" class=\"size-medium wp-image-413 alignleft\" src=\"http:\/\/juntosporelcoche.com\/wp-content\/uploads\/2017\/09\/DSC_0909-300x200.jpg\" alt=\"\" width=\"300\" height=\"200\" \/> <img loading=\"lazy\" decoding=\"async\" class=\"size-medium wp-image-414 alignright\" src=\"http:\/\/juntosporelcoche.com\/wp-content\/uploads\/2017\/09\/DSC_0932-300x200.jpg\" alt=\"\" width=\"300\" height=\"200\" \/><\/p>\n<p style=\"text-align: justify;\">Las formas y la silueta que dibuja este coche sin duda que atraen miradas, el frontal integra perfectamente sus llamativos faros con la parrilla central que se extiende por el paragolpes delantero hasta algunos cent\u00edmetros por debajo de la matricula. Visto de perfil se trata de una l\u00ednea muy coup\u00e9 acrecentada por la ausencia de marcos superiores en sus cuatro ventanillas laterales, la parte trasera resuelve el conjunto con un port\u00f3n trasero con una pronunciada arista que hace la propia chapa del coche que resalta el car\u00e1cter deportivo del modelo. La unidad que pod\u00e9is ver en las fotos equipaba el acabado R-Line que difiere est\u00e9ticamente del acabado b\u00e1sico y del Elegance. El acabado resalta si cabe a\u00fan m\u00e1s su car\u00e1cter deportivo con cambios est\u00e9ticos como frontal diferenciado, asientos y volante especificos o paragolpes y marcos de antinieblas m\u00e1s incisivos.<\/p>\n<p><img loading=\"lazy\" decoding=\"async\" class=\"size-medium wp-image-415 alignleft\" src=\"http:\/\/juntosporelcoche.com\/wp-content\/uploads\/2017\/09\/DSC_0940-300x200.jpg\" alt=\"\" width=\"300\" height=\"200\" \/> <img loading=\"lazy\" decoding=\"async\" class=\"size-medium wp-image-416 alignright\" src=\"http:\/\/juntosporelcoche.com\/wp-content\/uploads\/2017\/09\/DSC_0943-300x200.jpg\" alt=\"\" width=\"300\" height=\"200\" \/><\/p>\n<p style=\"text-align: justify;\">En cuanto al interior nos encontramos con una atm\u00f3sfera muy Volkswagen bastante similar al Passat muy bien estructurado con materiales y ajustes de buena calidad en todas las zonas que se encuentran a nuestra vista o de primer tacto. La postura de conducci\u00f3n que se puede lograr es muy buena gracias a los ajustes del asiento y al tama\u00f1o y formas del volante, c\u00f3modo incluso para personas de elevada estatura. La visibilidad por el cristal trasero debido a las formas del coche en general y de la luna trasera en particular pueden ser superables, otro aspecto es la entrada y salida pero resulta como la de todo coup\u00e9 que tenga esta altura libre al suelo.<\/p>\n<p><img loading=\"lazy\" decoding=\"async\" class=\"size-medium wp-image-418 aligncenter\" src=\"http:\/\/juntosporelcoche.com\/wp-content\/uploads\/2017\/09\/DSC_0990-300x200.jpg\" alt=\"\" width=\"300\" height=\"200\" \/><\/p>\n<p style=\"text-align: justify;\">Menci\u00f3n aparte en lo que a espacio se refiere merecen las plazas traseras que bien pueden asemejarse al sal\u00f3n de casa, longitudinalmente el espacio para las piernas resulta excepcional y realizada la prueba en marcha tres adultos pueden viajar de manera holgada en sus plazas traseras, de altura trasera y para ser el tipo de coche que es debo decir que lo he probado yo mismo que mido 1,93 y en ning\u00fan momento me encontr\u00e9 agobiado por notar demasiado cerca el techo. En cuanto a maletero sus 563 litros sin hacer ninguna forma rara a la que nos tienen acostumbrados otros fabricantes hacen que se pueda aprovechar en su totalidad. Como siempre resalto en mis pruebas y esta no pod\u00eda ser menos dispone de salidas de climatizaci\u00f3n para las plazas traseras lo que si hecho en falta en un modelo de esta categor\u00eda es la posibilidad de tener controladores propios para dichas salidas.<\/p>\n<p><img loading=\"lazy\" decoding=\"async\" class=\" wp-image-420 alignleft\" src=\"http:\/\/juntosporelcoche.com\/wp-content\/uploads\/2017\/09\/DSC_0939-300x200.jpg\" alt=\"\" width=\"287\" height=\"191\" \/> <img loading=\"lazy\" decoding=\"async\" class=\"alignright wp-image-421 size-medium\" src=\"http:\/\/juntosporelcoche.com\/wp-content\/uploads\/2017\/09\/DSC_0971-e1506529097496-200x300.jpg\" alt=\"\" width=\"200\" height=\"300\" \/><\/p>\n<p style=\"text-align: justify;\">La unidad de pruebas que veis en las im\u00e1genes montaba el conocido motor diesel 2.0 TDI de 150 cv DSG que no resulta muy temperamental para este tipo de coche, pero que no me equivocar\u00eda mucho si aventurase que al final ser\u00e1 el de mayor demanda por parte de los clientes. El motor fuera de toda duda y m\u00e1s que contrastado responde de manera muy buena asociado al cambio DSG de 7 velocidades que lo hace ideal para disfrutar \u00a0de una berlina as\u00ed. Lo tendremos disponible en gasolina con motores 2.0 TSI de 190 cv DSG y 2.0 TSI 4 Motion 290cv DSG, y en diesel el 2.0 TDI 150cv DSG (la unidad probada), 2.0 TDI 190cv manual, 2.0 TDI 190cv DSG y 2.0 TDI 4 Motion 240cv DSG.<\/p>\n<p style=\"text-align: justify;\">Los precios arrancan en torno a los 45.140 euros de la unidad probada (2.0 TDI de 150cv DSG en acabado R-Line) hasta los 51.770 del modelo m\u00e1s caro ( 2.0 TDI 4 Motion 240cv DSG).<\/p>\n<p style=\"text-align: justify;\">Algun@s dir\u00e9is que se trata de un coche caro en comparaci\u00f3n con lo que ofrece la competencia(Audi, Mercedes, Bmw, Jaguar, etc), pero en mi opini\u00f3n es ah\u00ed donde puede estar su gran baza. Resulta evidente que no es un segmento ni un modelo de masas pero el comprador puede sentirse atra\u00eddo por un producto m\u00e1s original, menos visto en la calle y que al igual que las berlinas de este tipo de las tradicionales marcas premium puede atraer miradas a su paso.<\/p>\n<p style=\"text-align: justify;\">Para ir cerrando debo dar las gracias al concesionario Huertas Motor Volkswagen en Murcia y a su personal por la organizaci\u00f3n del evento que incluyo prueba de &#8220;campo&#8221; en circuito de velocidad y que resulto ser una prueba diferente. Muchas y muy buenas sensaciones mas all\u00e1 de las tradicionales presentaciones que suelen hacer las marcas, enhorabuena por llevar a cabo este tipo de iniciativas para dar a conocer los nuevos modelos de la marca.<\/p>\n<p style=\"text-align: justify;\">Saludos a tod@s, seguimos conectados.<\/p>\n","protected":false},"excerpt":{"rendered":"<p>En los \u00faltimos d\u00edas del mes de Julio he tenido la oportunidad de probar en nuevo Volkswagen Arteon y ya os puedo aventurar que es mucho m\u00e1s que un Passat cc o un Volkswagen cc que es c\u00f3mo se termin\u00f3 denominando en los \u00faltimos tiempos. Podr\u00edamos decir que la marca quiere marcar notables distancia de<a class=\"more-link\" href=\"https:\/\/juntosporelcoche.com\/index.php\/2017\/07\/31\/volkswagen-arteon\/\">Seguir leyendo <span class=\"meta-nav\">&rarr;<\/span><\/a><\/p>\n","protected":false},"author":1,"featured_media":452,"comment_status":"open","ping_status":"open","sticky":false,"template":"","format":"image","meta":{"footnotes":""},"categories":[13,8],"tags":[],"class_list":["post-410","post","type-post","status-publish","format-image","has-post-thumbnail","hentry","category-pruebas","category-volkswagen","post_format-post-format-image"],"_links":{"self":[{"href":"https:\/\/juntosporelcoche.com\/index.php\/wp-json\/wp\/v2\/posts\/410","targetHints":{"allow":["GET"]}}],"collection":[{"href":"https:\/\/juntosporelcoche.com\/index.php\/wp-json\/wp\/v2\/posts"}],"about":[{"href":"https:\/\/juntosporelcoche.com\/index.php\/wp-json\/wp\/v2\/types\/post"}],"author":[{"embeddable":true,"href":"https:\/\/juntosporelcoche.com\/index.php\/wp-json\/wp\/v2\/users\/1"}],"replies":[{"embeddable":true,"href":"https:\/\/juntosporelcoche.com\/index.php\/wp-json\/wp\/v2\/comments?post=410"}],"version-history":[{"count":20,"href":"https:\/\/juntosporelcoche.com\/index.php\/wp-json\/wp\/v2\/posts\/410\/revisions"}],"predecessor-version":[{"id":908482,"href":"https:\/\/juntosporelcoche.com\/index.php\/wp-json\/wp\/v2\/posts\/410\/revisions\/908482"}],"wp:featuredmedia":[{"embeddable":true,"href":"https:\/\/juntosporelcoche.com\/index.php\/wp-json\/wp\/v2\/media\/452"}],"wp:attachment":[{"href":"https:\/\/juntosporelcoche.com\/index.php\/wp-json\/wp\/v2\/media?parent=410"}],"wp:term":[{"taxonomy":"category","embeddable":true,"href":"https:\/\/juntosporelcoche.com\/index.php\/wp-json\/wp\/v2\/categories?post=410"},{"taxonomy":"post_tag","embeddable":true,"href":"https:\/\/juntosporelcoche.com\/index.php\/wp-json\/wp\/v2\/tags?post=410"}],"curies":[{"name":"wp","href":"https:\/\/api.w.org\/{rel}","templated":true}]}}